{
    "version": "https://jsonfeed.org/version/1.1",
    "user_comment": "This feed allows you to read the posts from this site in any feed reader that supports the JSON Feed format. To add this feed to your reader, copy the following URL -- https://tuxproject.de/blog/2019/05/mehr-geschlechtsidentitaere-in-den-bundestag/feed/json/ -- and add it your reader.",
    "home_page_url": "https://tuxproject.de/blog/2019/05/mehr-geschlechtsidentitaere-in-den-bundestag/",
    "feed_url": "https://tuxproject.de/blog/2019/05/mehr-geschlechtsidentitaere-in-den-bundestag/feed/json/",
    "language": "de",
    "title": "Comments on: Mehr Geschlechtsidentit\u00e4re in den Bundestag!",
    "description": "Relevanz auf Halbmast.",
    "icon": "https://tuxproject.de/blog/wp-content/uploads/2017/05/cropped-penrose.png",
    "items": [
        {
            "id": "https://tuxproject.de/blog/2019/05/mehr-geschlechtsidentitaere-in-den-bundestag/#comment-81307",
            "url": "https://tuxproject.de/blog/2019/05/mehr-geschlechtsidentitaere-in-den-bundestag/#comment-81307",
            "content_html": "Passier doch schon bei den Gr\u00fcnen: Kerle, die \u00fcber den herk\u00f6mmlichen Weg nicht hochkommen identifizieren sich als Frau und bekommen den Listenplatz.",
            "content_text": "Passier doch schon bei den Gr\u00fcnen: Kerle, die \u00fcber den herk\u00f6mmlichen Weg nicht hochkommen identifizieren sich als Frau und bekommen den Listenplatz.",
            "date_published": "2019-05-19T11:05:56+02:00",
            "authors": [
                {
                    "name": "derda",
                    "url": "",
                    "avatar": "data:image/svg+xml;base64,PD94bWwgdmVyc2lvbj0iMS4wIiBlbmNvZGluZz0iVVRGLTgiPz4KPHN2ZyB2ZXJzaW9uPSIxLjEiIHhtbG5zPSJodHRwOi8vd3d3LnczLm9yZy8yMDAwL3N2ZyIgd2lkdGg9IjUwIiBoZWlnaHQ9IjUwIiB2aWV3Qm94PSIwIDAgNTAgNTAiPgoJPHJlY3Qgd2lkdGg9IjEwMCUiIGhlaWdodD0iMTAwJSIgZmlsbD0iMSIvPgoJPHRleHQKCQlmaWxsPSIjZmZmIgoJCWZvbnQtZmFtaWx5PSJzYW5zLXNlcmlmIgoJCWZvbnQtc2l6ZT0iMjYiCgkJZm9udC13ZWlnaHQ9IjUwMCIKCQlkb21pbmFudC1iYXNlbGluZT0ibWlkZGxlIgoJCXRleHQtYW5jaG9yPSJtaWRkbGUiCgkJeD0iNTAlIgoJCXk9IjU1JSIKCT4KCQlECgk8L3RleHQ+Cjwvc3ZnPg=="
                }
            ],
            "author": {
                "name": "derda",
                "url": "",
                "avatar": "data:image/svg+xml;base64,PD94bWwgdmVyc2lvbj0iMS4wIiBlbmNvZGluZz0iVVRGLTgiPz4KPHN2ZyB2ZXJzaW9uPSIxLjEiIHhtbG5zPSJodHRwOi8vd3d3LnczLm9yZy8yMDAwL3N2ZyIgd2lkdGg9IjUwIiBoZWlnaHQ9IjUwIiB2aWV3Qm94PSIwIDAgNTAgNTAiPgoJPHJlY3Qgd2lkdGg9IjEwMCUiIGhlaWdodD0iMTAwJSIgZmlsbD0iMSIvPgoJPHRleHQKCQlmaWxsPSIjZmZmIgoJCWZvbnQtZmFtaWx5PSJzYW5zLXNlcmlmIgoJCWZvbnQtc2l6ZT0iMjYiCgkJZm9udC13ZWlnaHQ9IjUwMCIKCQlkb21pbmFudC1iYXNlbGluZT0ibWlkZGxlIgoJCXRleHQtYW5jaG9yPSJtaWRkbGUiCgkJeD0iNTAlIgoJCXk9IjU1JSIKCT4KCQlECgk8L3RleHQ+Cjwvc3ZnPg=="
            }
        },
        {
            "id": "https://tuxproject.de/blog/2019/05/mehr-geschlechtsidentitaere-in-den-bundestag/#comment-81305",
            "url": "https://tuxproject.de/blog/2019/05/mehr-geschlechtsidentitaere-in-den-bundestag/#comment-81305",
            "content_html": "Zwangsgeschlechtsumwandlungen :? ...\r\nwersolldasbezahlen...\r\nAutonome KIs programmiert von EX-Steinkohlebergleuten, die Chirurgieroboter steuern ,umgeschult vom Diesel- Autobauen...hmmmm\r\nIch bin ein Genie!\r\n\"Alexa,verschiebe die Apokalypse,bitte.\"",
            "content_text": "Zwangsgeschlechtsumwandlungen :? ...\r\nwersolldasbezahlen...\r\nAutonome KIs programmiert von EX-Steinkohlebergleuten, die Chirurgieroboter steuern ,umgeschult vom Diesel- Autobauen...hmmmm\r\nIch bin ein Genie!\r\n\"Alexa,verschiebe die Apokalypse,bitte.\"",
            "date_published": "2019-05-17T22:09:49+02:00",
            "authors": [
                {
                    "name": "Martin D\u00e4niken",
                    "url": "",
                    "avatar": "data:image/svg+xml;base64,PD94bWwgdmVyc2lvbj0iMS4wIiBlbmNvZGluZz0iVVRGLTgiPz4KPHN2ZyB2ZXJzaW9uPSIxLjEiIHhtbG5zPSJodHRwOi8vd3d3LnczLm9yZy8yMDAwL3N2ZyIgd2lkdGg9IjUwIiBoZWlnaHQ9IjUwIiB2aWV3Qm94PSIwIDAgNTAgNTAiPgoJPHJlY3Qgd2lkdGg9IjEwMCUiIGhlaWdodD0iMTAwJSIgZmlsbD0iMSIvPgoJPHRleHQKCQlmaWxsPSIjZmZmIgoJCWZvbnQtZmFtaWx5PSJzYW5zLXNlcmlmIgoJCWZvbnQtc2l6ZT0iMjYiCgkJZm9udC13ZWlnaHQ9IjUwMCIKCQlkb21pbmFudC1iYXNlbGluZT0ibWlkZGxlIgoJCXRleHQtYW5jaG9yPSJtaWRkbGUiCgkJeD0iNTAlIgoJCXk9IjU1JSIKCT4KCQlNCgk8L3RleHQ+Cjwvc3ZnPg=="
                }
            ],
            "author": {
                "name": "Martin D\u00e4niken",
                "url": "",
                "avatar": "data:image/svg+xml;base64,PD94bWwgdmVyc2lvbj0iMS4wIiBlbmNvZGluZz0iVVRGLTgiPz4KPHN2ZyB2ZXJzaW9uPSIxLjEiIHhtbG5zPSJodHRwOi8vd3d3LnczLm9yZy8yMDAwL3N2ZyIgd2lkdGg9IjUwIiBoZWlnaHQ9IjUwIiB2aWV3Qm94PSIwIDAgNTAgNTAiPgoJPHJlY3Qgd2lkdGg9IjEwMCUiIGhlaWdodD0iMTAwJSIgZmlsbD0iMSIvPgoJPHRleHQKCQlmaWxsPSIjZmZmIgoJCWZvbnQtZmFtaWx5PSJzYW5zLXNlcmlmIgoJCWZvbnQtc2l6ZT0iMjYiCgkJZm9udC13ZWlnaHQ9IjUwMCIKCQlkb21pbmFudC1iYXNlbGluZT0ibWlkZGxlIgoJCXRleHQtYW5jaG9yPSJtaWRkbGUiCgkJeD0iNTAlIgoJCXk9IjU1JSIKCT4KCQlNCgk8L3RleHQ+Cjwvc3ZnPg=="
            }
        },
        {
            "id": "https://tuxproject.de/blog/2019/05/mehr-geschlechtsidentitaere-in-den-bundestag/#comment-81303",
            "url": "https://tuxproject.de/blog/2019/05/mehr-geschlechtsidentitaere-in-den-bundestag/#comment-81303",
            "content_html": "K\u00f6nnte man nicht einfach den Frauenanteil in der Bev\u00f6lkerung senken?",
            "content_text": "K\u00f6nnte man nicht einfach den Frauenanteil in der Bev\u00f6lkerung senken?",
            "date_published": "2019-05-17T18:57:45+02:00",
            "authors": [
                {
                    "name": "Matthias Eberling",
                    "url": "",
                    "avatar": "data:image/svg+xml;base64,PD94bWwgdmVyc2lvbj0iMS4wIiBlbmNvZGluZz0iVVRGLTgiPz4KPHN2ZyB2ZXJzaW9uPSIxLjEiIHhtbG5zPSJodHRwOi8vd3d3LnczLm9yZy8yMDAwL3N2ZyIgd2lkdGg9IjUwIiBoZWlnaHQ9IjUwIiB2aWV3Qm94PSIwIDAgNTAgNTAiPgoJPHJlY3Qgd2lkdGg9IjEwMCUiIGhlaWdodD0iMTAwJSIgZmlsbD0iMSIvPgoJPHRleHQKCQlmaWxsPSIjZmZmIgoJCWZvbnQtZmFtaWx5PSJzYW5zLXNlcmlmIgoJCWZvbnQtc2l6ZT0iMjYiCgkJZm9udC13ZWlnaHQ9IjUwMCIKCQlkb21pbmFudC1iYXNlbGluZT0ibWlkZGxlIgoJCXRleHQtYW5jaG9yPSJtaWRkbGUiCgkJeD0iNTAlIgoJCXk9IjU1JSIKCT4KCQlNCgk8L3RleHQ+Cjwvc3ZnPg=="
                }
            ],
            "author": {
                "name": "Matthias Eberling",
                "url": "",
                "avatar": "data:image/svg+xml;base64,PD94bWwgdmVyc2lvbj0iMS4wIiBlbmNvZGluZz0iVVRGLTgiPz4KPHN2ZyB2ZXJzaW9uPSIxLjEiIHhtbG5zPSJodHRwOi8vd3d3LnczLm9yZy8yMDAwL3N2ZyIgd2lkdGg9IjUwIiBoZWlnaHQ9IjUwIiB2aWV3Qm94PSIwIDAgNTAgNTAiPgoJPHJlY3Qgd2lkdGg9IjEwMCUiIGhlaWdodD0iMTAwJSIgZmlsbD0iMSIvPgoJPHRleHQKCQlmaWxsPSIjZmZmIgoJCWZvbnQtZmFtaWx5PSJzYW5zLXNlcmlmIgoJCWZvbnQtc2l6ZT0iMjYiCgkJZm9udC13ZWlnaHQ9IjUwMCIKCQlkb21pbmFudC1iYXNlbGluZT0ibWlkZGxlIgoJCXRleHQtYW5jaG9yPSJtaWRkbGUiCgkJeD0iNTAlIgoJCXk9IjU1JSIKCT4KCQlNCgk8L3RleHQ+Cjwvc3ZnPg=="
            }
        },
        {
            "id": "https://tuxproject.de/blog/2019/05/mehr-geschlechtsidentitaere-in-den-bundestag/#comment-81302",
            "url": "https://tuxproject.de/blog/2019/05/mehr-geschlechtsidentitaere-in-den-bundestag/#comment-81302",
            "content_html": "Sag ich doch immer humorbefreite weisseunterkomplexem\u00e4nnlicheGartenzaunzwerge,die so denken/planen wenn sies so einrichten,\r\n das die anderen es dann versauen ,wieder \"normale Zust\u00e4nde\" herrschen...(Frau Schwarzer ist auch so eine mimimimi weisse M\u00e4nnerfrau).\r\nBohica!\r\nArrrrr! Ich mag Wurst aber muss in den Teppich beissen. Arrrrr!",
            "content_text": "Sag ich doch immer humorbefreite weisseunterkomplexem\u00e4nnlicheGartenzaunzwerge,die so denken/planen wenn sies so einrichten,\r\n das die anderen es dann versauen ,wieder \"normale Zust\u00e4nde\" herrschen...(Frau Schwarzer ist auch so eine mimimimi weisse M\u00e4nnerfrau).\r\nBohica!\r\nArrrrr! Ich mag Wurst aber muss in den Teppich beissen. Arrrrr!",
            "date_published": "2019-05-17T17:37:31+02:00",
            "authors": [
                {
                    "name": "Martin D\u00e4niken",
                    "url": "",
                    "avatar": "data:image/svg+xml;base64,PD94bWwgdmVyc2lvbj0iMS4wIiBlbmNvZGluZz0iVVRGLTgiPz4KPHN2ZyB2ZXJzaW9uPSIxLjEiIHhtbG5zPSJodHRwOi8vd3d3LnczLm9yZy8yMDAwL3N2ZyIgd2lkdGg9IjUwIiBoZWlnaHQ9IjUwIiB2aWV3Qm94PSIwIDAgNTAgNTAiPgoJPHJlY3Qgd2lkdGg9IjEwMCUiIGhlaWdodD0iMTAwJSIgZmlsbD0iMSIvPgoJPHRleHQKCQlmaWxsPSIjZmZmIgoJCWZvbnQtZmFtaWx5PSJzYW5zLXNlcmlmIgoJCWZvbnQtc2l6ZT0iMjYiCgkJZm9udC13ZWlnaHQ9IjUwMCIKCQlkb21pbmFudC1iYXNlbGluZT0ibWlkZGxlIgoJCXRleHQtYW5jaG9yPSJtaWRkbGUiCgkJeD0iNTAlIgoJCXk9IjU1JSIKCT4KCQlNCgk8L3RleHQ+Cjwvc3ZnPg=="
                }
            ],
            "author": {
                "name": "Martin D\u00e4niken",
                "url": "",
                "avatar": "data:image/svg+xml;base64,PD94bWwgdmVyc2lvbj0iMS4wIiBlbmNvZGluZz0iVVRGLTgiPz4KPHN2ZyB2ZXJzaW9uPSIxLjEiIHhtbG5zPSJodHRwOi8vd3d3LnczLm9yZy8yMDAwL3N2ZyIgd2lkdGg9IjUwIiBoZWlnaHQ9IjUwIiB2aWV3Qm94PSIwIDAgNTAgNTAiPgoJPHJlY3Qgd2lkdGg9IjEwMCUiIGhlaWdodD0iMTAwJSIgZmlsbD0iMSIvPgoJPHRleHQKCQlmaWxsPSIjZmZmIgoJCWZvbnQtZmFtaWx5PSJzYW5zLXNlcmlmIgoJCWZvbnQtc2l6ZT0iMjYiCgkJZm9udC13ZWlnaHQ9IjUwMCIKCQlkb21pbmFudC1iYXNlbGluZT0ibWlkZGxlIgoJCXRleHQtYW5jaG9yPSJtaWRkbGUiCgkJeD0iNTAlIgoJCXk9IjU1JSIKCT4KCQlNCgk8L3RleHQ+Cjwvc3ZnPg=="
            }
        },
        {
            "id": "https://tuxproject.de/blog/2019/05/mehr-geschlechtsidentitaere-in-den-bundestag/#comment-81301",
            "url": "https://tuxproject.de/blog/2019/05/mehr-geschlechtsidentitaere-in-den-bundestag/#comment-81301",
            "content_html": "Ganz kurz und einfach:\r\nBis heute ist das Wort f\u00fcr das biologische Geschlecht im anglo-amerikanischen \"Sex\".\r\nZur Auswahl steht hier \"male\", m\u00e4nnlich, und \"female\", weiblich. \r\nDesgleichen gilt f\u00fcr Hautfarben, tauchen \u00fcberall in offiziellen Berichten auf. Schwarze sind \"black\", Wei\u00dfe sind \"Whites\" und Rote sind \"Reds\". \r\nDar\u00fcber wird auch nirgendwo diskutiert. Die Worte \"Gender, Racism, Sexism, Diversity\" usw. werden ausschlie\u00dflich im soziologischen Kontext diskutiert.\r\nAlleine die Tatsache, dass im deutschen Diskurs \"Gender\" mit dem biologischen Geschlecht gleich gesetzt wird, offenbart sehr sch\u00f6n die abgrundtiefe Dummheit der hiesigen Protagonisten.",
            "content_text": "Ganz kurz und einfach:\r\nBis heute ist das Wort f\u00fcr das biologische Geschlecht im anglo-amerikanischen \"Sex\".\r\nZur Auswahl steht hier \"male\", m\u00e4nnlich, und \"female\", weiblich. \r\nDesgleichen gilt f\u00fcr Hautfarben, tauchen \u00fcberall in offiziellen Berichten auf. Schwarze sind \"black\", Wei\u00dfe sind \"Whites\" und Rote sind \"Reds\". \r\nDar\u00fcber wird auch nirgendwo diskutiert. Die Worte \"Gender, Racism, Sexism, Diversity\" usw. werden ausschlie\u00dflich im soziologischen Kontext diskutiert.\r\nAlleine die Tatsache, dass im deutschen Diskurs \"Gender\" mit dem biologischen Geschlecht gleich gesetzt wird, offenbart sehr sch\u00f6n die abgrundtiefe Dummheit der hiesigen Protagonisten.",
            "date_published": "2019-05-17T16:00:56+02:00",
            "authors": [
                {
                    "name": "Pater Busoni",
                    "url": "",
                    "avatar": "data:image/svg+xml;base64,PD94bWwgdmVyc2lvbj0iMS4wIiBlbmNvZGluZz0iVVRGLTgiPz4KPHN2ZyB2ZXJzaW9uPSIxLjEiIHhtbG5zPSJodHRwOi8vd3d3LnczLm9yZy8yMDAwL3N2ZyIgd2lkdGg9IjUwIiBoZWlnaHQ9IjUwIiB2aWV3Qm94PSIwIDAgNTAgNTAiPgoJPHJlY3Qgd2lkdGg9IjEwMCUiIGhlaWdodD0iMTAwJSIgZmlsbD0iMSIvPgoJPHRleHQKCQlmaWxsPSIjZmZmIgoJCWZvbnQtZmFtaWx5PSJzYW5zLXNlcmlmIgoJCWZvbnQtc2l6ZT0iMjYiCgkJZm9udC13ZWlnaHQ9IjUwMCIKCQlkb21pbmFudC1iYXNlbGluZT0ibWlkZGxlIgoJCXRleHQtYW5jaG9yPSJtaWRkbGUiCgkJeD0iNTAlIgoJCXk9IjU1JSIKCT4KCQlQCgk8L3RleHQ+Cjwvc3ZnPg=="
                }
            ],
            "author": {
                "name": "Pater Busoni",
                "url": "",
                "avatar": "data:image/svg+xml;base64,PD94bWwgdmVyc2lvbj0iMS4wIiBlbmNvZGluZz0iVVRGLTgiPz4KPHN2ZyB2ZXJzaW9uPSIxLjEiIHhtbG5zPSJodHRwOi8vd3d3LnczLm9yZy8yMDAwL3N2ZyIgd2lkdGg9IjUwIiBoZWlnaHQ9IjUwIiB2aWV3Qm94PSIwIDAgNTAgNTAiPgoJPHJlY3Qgd2lkdGg9IjEwMCUiIGhlaWdodD0iMTAwJSIgZmlsbD0iMSIvPgoJPHRleHQKCQlmaWxsPSIjZmZmIgoJCWZvbnQtZmFtaWx5PSJzYW5zLXNlcmlmIgoJCWZvbnQtc2l6ZT0iMjYiCgkJZm9udC13ZWlnaHQ9IjUwMCIKCQlkb21pbmFudC1iYXNlbGluZT0ibWlkZGxlIgoJCXRleHQtYW5jaG9yPSJtaWRkbGUiCgkJeD0iNTAlIgoJCXk9IjU1JSIKCT4KCQlQCgk8L3RleHQ+Cjwvc3ZnPg=="
            }
        }
    ]
}